{"id":1774,"date":"2021-05-31T17:59:42","date_gmt":"2021-05-31T15:59:42","guid":{"rendered":"https:\/\/www.redingrealestateinvestment.com\/?p=1774"},"modified":"2021-08-02T10:23:32","modified_gmt":"2021-08-02T08:23:32","slug":"novedades-del-sima","status":"publish","type":"post","link":"https:\/\/www.redingrealestateinvestment.com\/en\/novedades-del-sima\/","title":{"rendered":"Novedades del SIMA !"},"content":{"rendered":"\n<h1 class=\"wp-block-heading\"><a href=\"http:\/\/Fondos europeos y colaboraci\u00f3n p\u00fablico-privada para impulsar la rehabilitaci\u00f3n y el acceso a la vivienda\">Fondos europeos y colaboraci\u00f3n p\u00fablico-privada para impulsar la rehabilitaci\u00f3n y el acceso a la vivienda<\/a><\/h1>\n\n\n\n<figure class=\"wp-block-image size-large\"><a href=\"https:\/\/www.pisos.com\/aldia\/fondos-europeos-y-colaboracion-publico-privada-para-impulsar-la-rehabilitacion-y-el-acceso-a-la-vivienda\/1650088\/\"><img loading=\"lazy\" decoding=\"async\" width=\"1024\" height=\"576\" src=\"https:\/\/www.redingrealestateinvestment.com\/wp-content\/uploads\/2021\/05\/Nuevo-proyecto-1024x576.jpg\" alt=\"\" class=\"wp-image-1794\" srcset=\"https:\/\/www.redingrealestateinvestment.com\/wp-content\/uploads\/2021\/05\/Nuevo-proyecto-1024x576.jpg 1024w, https:\/\/www.redingrealestateinvestment.com\/wp-content\/uploads\/2021\/05\/Nuevo-proyecto-980x551.jpg 980w, https:\/\/www.redingrealestateinvestment.com\/wp-content\/uploads\/2021\/05\/Nuevo-proyecto-480x270.jpg 480w\" sizes=\"(min-width: 0px) and (max-width: 480px) 480px, (min-width: 481px) and (max-width: 980px) 980px, (min-width: 981px) 1024px, 100vw\" \/><\/a><\/figure>\n\n\n<p>La celebraci\u00f3n del SIMA cont\u00f3 con grandes profesionales del sector inmobiliario. Los fondos europeos han protagonizado el discurso, dado que su recepci\u00f3n dentro del sector har\u00e1 posible que se salde la deuda pendiente con la rehabilitaci\u00f3n y la sostenibilidad, pero tambi\u00e9n se ha recalcado la importancia de estrechar lazos entre las administraciones y las empresas con el fin de facilitar el acceso de la vivienda por parte de los j\u00f3venes. Se apostar\u00e1 por sostenibilidad, pero dejando al margen el ecopostureo, creando y rehabilitando viviendas con alta eficiencia el\u00e9ctrica y cumplimiento de la teor\u00eda de las tres E&#8217;s &#8220;estrategia, equipo y equilibrio de fuerzas&#8221;. SEPES ha puesto a disposici\u00f3n del ministerio suelos en las zonas m\u00e1s tensionadas para desarrollar vivienda residencial. En cuanto a alquiler, se habl\u00f3 de modelos como coliving y coworking, ya que para muchos jovenes el allquiler es una alternativa y un plan B debido a la falta de liquidez. G\u00f3mez-Pintado hizo alusi\u00f3n a que en Alemania, Francia e Italia se est\u00e1 alentando la compra frente al alquiler, argumentando que &#8220;el help to buy est\u00e1 funcionando muy bien, y creemos que el Gobierno espa\u00f1ol deber\u00eda articularlo a trav\u00e9s de avales&#8221;.<\/p>","protected":false},"excerpt":{"rendered":"<p>Fondos europeos y colaboraci\u00f3n p\u00fablico-privada para impulsar la rehabilitaci\u00f3n y el acceso a la vivienda La celebraci\u00f3n del SIMA cont\u00f3 con grandes profesionales del sector inmobiliario. Los fondos europeos han protagonizado el discurso, dado que su recepci\u00f3n dentro del sector har\u00e1 posible que se salde la deuda pendiente con la rehabilitaci\u00f3n y la sostenibilidad, pero [&hellip;]<\/p>\n","protected":false},"author":2,"featured_media":1794,"comment_status":"open","ping_status":"closed","sticky":false,"template":"","format":"standard","meta":{"_et_pb_use_builder":"off","_et_pb_old_content":"","_et_gb_content_width":"","footnotes":""},"categories":[33],"tags":[],"class_list":["post-1774","post","type-post","status-publish","format-standard","has-post-thumbnail","hentry","category-blog"],"yoast_head":"<!-- This site is optimized with the Yoast SEO plugin v27.5 - https:\/\/yoast.com\/product\/yoast-seo-wordpress\/ -->\n<title>Novedades del SIMA ! - Reding investment<\/title>\n<meta name=\"robots\" content=\"index, follow, max-snippet:-1, max-image-preview:large, max-video-preview:-1\" \/>\n<link rel=\"canonical\" href=\"https:\/\/www.redingrealestateinvestment.com\/novedades-del-sima\/\" \/>\n<meta property=\"og:locale\" content=\"en_US\" \/>\n<meta property=\"og:type\" content=\"article\" \/>\n<meta property=\"og:title\" content=\"Novedades del SIMA ! - Reding investment\" \/>\n<meta property=\"og:description\" content=\"Fondos europeos y colaboraci\u00f3n p\u00fablico-privada para impulsar la rehabilitaci\u00f3n y el acceso a la vivienda La celebraci\u00f3n del SIMA cont\u00f3 con grandes profesionales del sector inmobiliario. Los fondos europeos han protagonizado el discurso, dado que su recepci\u00f3n dentro del sector har\u00e1 posible que se salde la deuda pendiente con la rehabilitaci\u00f3n y la sostenibilidad, pero [&hellip;]\" \/>\n<meta property=\"og:url\" content=\"https:\/\/www.redingrealestateinvestment.com\/novedades-del-sima\/\" \/>\n<meta property=\"og:site_name\" content=\"Reding investment\" \/>\n<meta property=\"article:published_time\" content=\"2021-05-31T15:59:42+00:00\" \/>\n<meta property=\"article:modified_time\" content=\"2021-08-02T08:23:32+00:00\" \/>\n<meta property=\"og:image\" content=\"https:\/\/www.redingrealestateinvestment.com\/wp-content\/uploads\/2021\/05\/Nuevo-proyecto.jpg\" \/>\n\t<meta property=\"og:image:width\" content=\"1280\" \/>\n\t<meta property=\"og:image:height\" content=\"720\" \/>\n\t<meta property=\"og:image:type\" content=\"image\/jpeg\" \/>\n<meta name=\"author\" content=\"Reding Investmenet\" \/>\n<meta name=\"twitter:card\" content=\"summary_large_image\" \/>\n<meta name=\"twitter:label1\" content=\"Written by\" \/>\n\t<meta name=\"twitter:data1\" content=\"Reding Investmenet\" \/>\n\t<meta name=\"twitter:label2\" content=\"Est. reading time\" \/>\n\t<meta name=\"twitter:data2\" content=\"2 minutes\" \/>\n<script type=\"application\/ld+json\" class=\"yoast-schema-graph\">{\"@context\":\"https:\\\/\\\/schema.org\",\"@graph\":[{\"@type\":\"Article\",\"@id\":\"https:\\\/\\\/www.redingrealestateinvestment.com\\\/novedades-del-sima\\\/#article\",\"isPartOf\":{\"@id\":\"https:\\\/\\\/www.redingrealestateinvestment.com\\\/novedades-del-sima\\\/\"},\"author\":{\"name\":\"Reding Investmenet\",\"@id\":\"https:\\\/\\\/www.redingrealestateinvestment.com\\\/#\\\/schema\\\/person\\\/5cebf6831aac5a2693a40d2c2f25b064\"},\"headline\":\"Novedades del SIMA !\",\"datePublished\":\"2021-05-31T15:59:42+00:00\",\"dateModified\":\"2021-08-02T08:23:32+00:00\",\"mainEntityOfPage\":{\"@id\":\"https:\\\/\\\/www.redingrealestateinvestment.com\\\/novedades-del-sima\\\/\"},\"wordCount\":228,\"commentCount\":0,\"image\":{\"@id\":\"https:\\\/\\\/www.redingrealestateinvestment.com\\\/novedades-del-sima\\\/#primaryimage\"},\"thumbnailUrl\":\"https:\\\/\\\/www.redingrealestateinvestment.com\\\/wp-content\\\/uploads\\\/2021\\\/05\\\/Nuevo-proyecto.jpg\",\"articleSection\":[\"Blog\"],\"inLanguage\":\"en-US\",\"potentialAction\":[{\"@type\":\"CommentAction\",\"name\":\"Comment\",\"target\":[\"https:\\\/\\\/www.redingrealestateinvestment.com\\\/novedades-del-sima\\\/#respond\"]}]},{\"@type\":\"WebPage\",\"@id\":\"https:\\\/\\\/www.redingrealestateinvestment.com\\\/novedades-del-sima\\\/\",\"url\":\"https:\\\/\\\/www.redingrealestateinvestment.com\\\/novedades-del-sima\\\/\",\"name\":\"Novedades del SIMA ! - Reding investment\",\"isPartOf\":{\"@id\":\"https:\\\/\\\/www.redingrealestateinvestment.com\\\/#website\"},\"primaryImageOfPage\":{\"@id\":\"https:\\\/\\\/www.redingrealestateinvestment.com\\\/novedades-del-sima\\\/#primaryimage\"},\"image\":{\"@id\":\"https:\\\/\\\/www.redingrealestateinvestment.com\\\/novedades-del-sima\\\/#primaryimage\"},\"thumbnailUrl\":\"https:\\\/\\\/www.redingrealestateinvestment.com\\\/wp-content\\\/uploads\\\/2021\\\/05\\\/Nuevo-proyecto.jpg\",\"datePublished\":\"2021-05-31T15:59:42+00:00\",\"dateModified\":\"2021-08-02T08:23:32+00:00\",\"author\":{\"@id\":\"https:\\\/\\\/www.redingrealestateinvestment.com\\\/#\\\/schema\\\/person\\\/5cebf6831aac5a2693a40d2c2f25b064\"},\"breadcrumb\":{\"@id\":\"https:\\\/\\\/www.redingrealestateinvestment.com\\\/novedades-del-sima\\\/#breadcrumb\"},\"inLanguage\":\"en-US\",\"potentialAction\":[{\"@type\":\"ReadAction\",\"target\":[\"https:\\\/\\\/www.redingrealestateinvestment.com\\\/novedades-del-sima\\\/\"]}]},{\"@type\":\"ImageObject\",\"inLanguage\":\"en-US\",\"@id\":\"https:\\\/\\\/www.redingrealestateinvestment.com\\\/novedades-del-sima\\\/#primaryimage\",\"url\":\"https:\\\/\\\/www.redingrealestateinvestment.com\\\/wp-content\\\/uploads\\\/2021\\\/05\\\/Nuevo-proyecto.jpg\",\"contentUrl\":\"https:\\\/\\\/www.redingrealestateinvestment.com\\\/wp-content\\\/uploads\\\/2021\\\/05\\\/Nuevo-proyecto.jpg\",\"width\":1280,\"height\":720},{\"@type\":\"BreadcrumbList\",\"@id\":\"https:\\\/\\\/www.redingrealestateinvestment.com\\\/novedades-del-sima\\\/#breadcrumb\",\"itemListElement\":[{\"@type\":\"ListItem\",\"position\":1,\"name\":\"Portada\",\"item\":\"https:\\\/\\\/www.redingrealestateinvestment.com\\\/en\\\/malaga-real-estate\\\/\"},{\"@type\":\"ListItem\",\"position\":2,\"name\":\"Novedades del SIMA !\"}]},{\"@type\":\"WebSite\",\"@id\":\"https:\\\/\\\/www.redingrealestateinvestment.com\\\/#website\",\"url\":\"https:\\\/\\\/www.redingrealestateinvestment.com\\\/\",\"name\":\"Reding investment\",\"description\":\"Propiedades M\u00e1laga Marbella | Reding Real Estate | Espa\u00f1a\",\"potentialAction\":[{\"@type\":\"SearchAction\",\"target\":{\"@type\":\"EntryPoint\",\"urlTemplate\":\"https:\\\/\\\/www.redingrealestateinvestment.com\\\/?s={search_term_string}\"},\"query-input\":{\"@type\":\"PropertyValueSpecification\",\"valueRequired\":true,\"valueName\":\"search_term_string\"}}],\"inLanguage\":\"en-US\"},{\"@type\":\"Person\",\"@id\":\"https:\\\/\\\/www.redingrealestateinvestment.com\\\/#\\\/schema\\\/person\\\/5cebf6831aac5a2693a40d2c2f25b064\",\"name\":\"Reding Investmenet\",\"image\":{\"@type\":\"ImageObject\",\"inLanguage\":\"en-US\",\"@id\":\"https:\\\/\\\/secure.gravatar.com\\\/avatar\\\/1d1bdbcf76ba1718113c5af51e3156a72ec938f5d0a7ad65c49d3f2ebfddb621?s=96&d=mm&r=g\",\"url\":\"https:\\\/\\\/secure.gravatar.com\\\/avatar\\\/1d1bdbcf76ba1718113c5af51e3156a72ec938f5d0a7ad65c49d3f2ebfddb621?s=96&d=mm&r=g\",\"contentUrl\":\"https:\\\/\\\/secure.gravatar.com\\\/avatar\\\/1d1bdbcf76ba1718113c5af51e3156a72ec938f5d0a7ad65c49d3f2ebfddb621?s=96&d=mm&r=g\",\"caption\":\"Reding Investmenet\"},\"url\":\"https:\\\/\\\/www.redingrealestateinvestment.com\\\/en\\\/author\\\/reding_investment007\\\/\"}]}<\/script>\n<!-- \/ Yoast SEO plugin. -->","yoast_head_json":{"title":"Novedades del SIMA ! - Reding investment","robots":{"index":"index","follow":"follow","max-snippet":"max-snippet:-1","max-image-preview":"max-image-preview:large","max-video-preview":"max-video-preview:-1"},"canonical":"https:\/\/www.redingrealestateinvestment.com\/novedades-del-sima\/","og_locale":"en_US","og_type":"article","og_title":"Novedades del SIMA ! - Reding investment","og_description":"Fondos europeos y colaboraci\u00f3n p\u00fablico-privada para impulsar la rehabilitaci\u00f3n y el acceso a la vivienda La celebraci\u00f3n del SIMA cont\u00f3 con grandes profesionales del sector inmobiliario. Los fondos europeos han protagonizado el discurso, dado que su recepci\u00f3n dentro del sector har\u00e1 posible que se salde la deuda pendiente con la rehabilitaci\u00f3n y la sostenibilidad, pero [&hellip;]","og_url":"https:\/\/www.redingrealestateinvestment.com\/novedades-del-sima\/","og_site_name":"Reding investment","article_published_time":"2021-05-31T15:59:42+00:00","article_modified_time":"2021-08-02T08:23:32+00:00","og_image":[{"width":1280,"height":720,"url":"https:\/\/www.redingrealestateinvestment.com\/wp-content\/uploads\/2021\/05\/Nuevo-proyecto.jpg","type":"image\/jpeg"}],"author":"Reding Investmenet","twitter_card":"summary_large_image","twitter_misc":{"Written by":"Reding Investmenet","Est. reading time":"2 minutes"},"schema":{"@context":"https:\/\/schema.org","@graph":[{"@type":"Article","@id":"https:\/\/www.redingrealestateinvestment.com\/novedades-del-sima\/#article","isPartOf":{"@id":"https:\/\/www.redingrealestateinvestment.com\/novedades-del-sima\/"},"author":{"name":"Reding Investmenet","@id":"https:\/\/www.redingrealestateinvestment.com\/#\/schema\/person\/5cebf6831aac5a2693a40d2c2f25b064"},"headline":"Novedades del SIMA !","datePublished":"2021-05-31T15:59:42+00:00","dateModified":"2021-08-02T08:23:32+00:00","mainEntityOfPage":{"@id":"https:\/\/www.redingrealestateinvestment.com\/novedades-del-sima\/"},"wordCount":228,"commentCount":0,"image":{"@id":"https:\/\/www.redingrealestateinvestment.com\/novedades-del-sima\/#primaryimage"},"thumbnailUrl":"https:\/\/www.redingrealestateinvestment.com\/wp-content\/uploads\/2021\/05\/Nuevo-proyecto.jpg","articleSection":["Blog"],"inLanguage":"en-US","potentialAction":[{"@type":"CommentAction","name":"Comment","target":["https:\/\/www.redingrealestateinvestment.com\/novedades-del-sima\/#respond"]}]},{"@type":"WebPage","@id":"https:\/\/www.redingrealestateinvestment.com\/novedades-del-sima\/","url":"https:\/\/www.redingrealestateinvestment.com\/novedades-del-sima\/","name":"Novedades del SIMA ! - Reding investment","isPartOf":{"@id":"https:\/\/www.redingrealestateinvestment.com\/#website"},"primaryImageOfPage":{"@id":"https:\/\/www.redingrealestateinvestment.com\/novedades-del-sima\/#primaryimage"},"image":{"@id":"https:\/\/www.redingrealestateinvestment.com\/novedades-del-sima\/#primaryimage"},"thumbnailUrl":"https:\/\/www.redingrealestateinvestment.com\/wp-content\/uploads\/2021\/05\/Nuevo-proyecto.jpg","datePublished":"2021-05-31T15:59:42+00:00","dateModified":"2021-08-02T08:23:32+00:00","author":{"@id":"https:\/\/www.redingrealestateinvestment.com\/#\/schema\/person\/5cebf6831aac5a2693a40d2c2f25b064"},"breadcrumb":{"@id":"https:\/\/www.redingrealestateinvestment.com\/novedades-del-sima\/#breadcrumb"},"inLanguage":"en-US","potentialAction":[{"@type":"ReadAction","target":["https:\/\/www.redingrealestateinvestment.com\/novedades-del-sima\/"]}]},{"@type":"ImageObject","inLanguage":"en-US","@id":"https:\/\/www.redingrealestateinvestment.com\/novedades-del-sima\/#primaryimage","url":"https:\/\/www.redingrealestateinvestment.com\/wp-content\/uploads\/2021\/05\/Nuevo-proyecto.jpg","contentUrl":"https:\/\/www.redingrealestateinvestment.com\/wp-content\/uploads\/2021\/05\/Nuevo-proyecto.jpg","width":1280,"height":720},{"@type":"BreadcrumbList","@id":"https:\/\/www.redingrealestateinvestment.com\/novedades-del-sima\/#breadcrumb","itemListElement":[{"@type":"ListItem","position":1,"name":"Portada","item":"https:\/\/www.redingrealestateinvestment.com\/en\/malaga-real-estate\/"},{"@type":"ListItem","position":2,"name":"Novedades del SIMA !"}]},{"@type":"WebSite","@id":"https:\/\/www.redingrealestateinvestment.com\/#website","url":"https:\/\/www.redingrealestateinvestment.com\/","name":"Reding investment","description":"Propiedades M\u00e1laga Marbella | Reding Real Estate | Espa\u00f1a","potentialAction":[{"@type":"SearchAction","target":{"@type":"EntryPoint","urlTemplate":"https:\/\/www.redingrealestateinvestment.com\/?s={search_term_string}"},"query-input":{"@type":"PropertyValueSpecification","valueRequired":true,"valueName":"search_term_string"}}],"inLanguage":"en-US"},{"@type":"Person","@id":"https:\/\/www.redingrealestateinvestment.com\/#\/schema\/person\/5cebf6831aac5a2693a40d2c2f25b064","name":"Reding Investmenet","image":{"@type":"ImageObject","inLanguage":"en-US","@id":"https:\/\/secure.gravatar.com\/avatar\/1d1bdbcf76ba1718113c5af51e3156a72ec938f5d0a7ad65c49d3f2ebfddb621?s=96&d=mm&r=g","url":"https:\/\/secure.gravatar.com\/avatar\/1d1bdbcf76ba1718113c5af51e3156a72ec938f5d0a7ad65c49d3f2ebfddb621?s=96&d=mm&r=g","contentUrl":"https:\/\/secure.gravatar.com\/avatar\/1d1bdbcf76ba1718113c5af51e3156a72ec938f5d0a7ad65c49d3f2ebfddb621?s=96&d=mm&r=g","caption":"Reding Investmenet"},"url":"https:\/\/www.redingrealestateinvestment.com\/en\/author\/reding_investment007\/"}]}},"_links":{"self":[{"href":"https:\/\/www.redingrealestateinvestment.com\/en\/wp-json\/wp\/v2\/posts\/1774","targetHints":{"allow":["GET"]}}],"collection":[{"href":"https:\/\/www.redingrealestateinvestment.com\/en\/wp-json\/wp\/v2\/posts"}],"about":[{"href":"https:\/\/www.redingrealestateinvestment.com\/en\/wp-json\/wp\/v2\/types\/post"}],"author":[{"embeddable":true,"href":"https:\/\/www.redingrealestateinvestment.com\/en\/wp-json\/wp\/v2\/users\/2"}],"replies":[{"embeddable":true,"href":"https:\/\/www.redingrealestateinvestment.com\/en\/wp-json\/wp\/v2\/comments?post=1774"}],"version-history":[{"count":0,"href":"https:\/\/www.redingrealestateinvestment.com\/en\/wp-json\/wp\/v2\/posts\/1774\/revisions"}],"wp:featuredmedia":[{"embeddable":true,"href":"https:\/\/www.redingrealestateinvestment.com\/en\/wp-json\/wp\/v2\/media\/1794"}],"wp:attachment":[{"href":"https:\/\/www.redingrealestateinvestment.com\/en\/wp-json\/wp\/v2\/media?parent=1774"}],"wp:term":[{"taxonomy":"category","embeddable":true,"href":"https:\/\/www.redingrealestateinvestment.com\/en\/wp-json\/wp\/v2\/categories?post=1774"},{"taxonomy":"post_tag","embeddable":true,"href":"https:\/\/www.redingrealestateinvestment.com\/en\/wp-json\/wp\/v2\/tags?post=1774"}],"curies":[{"name":"wp","href":"https:\/\/api.w.org\/{rel}","templated":true}]}}