{"id":1292,"date":"2020-12-29T09:43:00","date_gmt":"2020-12-29T08:43:00","guid":{"rendered":"https:\/\/marketingpamplonaenproceso.com\/inmobiliaria\/?p=1292"},"modified":"2021-09-14T12:07:53","modified_gmt":"2021-09-14T10:07:53","slug":"reino-unido-alemania-francia-y-portugal-confian-en-el-exito-de-la-costa-del-sol-tras-la-pandemia","status":"publish","type":"post","link":"https:\/\/www.redingrealestateinvestment.com\/nl\/reino-unido-alemania-francia-y-portugal-confian-en-el-exito-de-la-costa-del-sol-tras-la-pandemia\/","title":{"rendered":"Reino Unido, Alemania, Francia y Portugal conf\u00edan en el \u00e9xito de la Costa del Sol tras la pandemia"},"content":{"rendered":"\n<p id=\"viewer-embfd\">La <a href=\"http:\/\/www.malagahoy.es\/tag\/turismo_costa_del_sol\" target=\"_blank\" rel=\"noreferrer noopener\">Costa del Sol<\/a> ha sido siempre un refugio, un lugar id\u00edlico para los turistas europeos y la pandemia por <a href=\"http:\/\/www.malagahoy.es\/tag\/sanidad_malaga\" target=\"_blank\" rel=\"noreferrer noopener\">coronavirus<\/a> ha cortado la relaci\u00f3n de golpe, sin anestesia, lo que ha provocado que <a href=\"https:\/\/www.malagahoy.es\/malaga\/hoteles-costa-sol-clientes-verano_0_1504049768.html\" target=\"_blank\" rel=\"noreferrer noopener\">este verano apenas hubiera un 25% de viajeros internacionales<\/a>. \u00bfQu\u00e9 piensan en <strong>Reino Unido, Alemania, Francia o Portugal<\/strong> de la situaci\u00f3n actual en M\u00e1laga? Este diario se ha puesto en contacto con los c\u00f3nsules de estos cuatro pa\u00edses en Andaluc\u00eda y la respuesta es com\u00fan: <strong>M\u00e1laga no ha perdido ni un \u00e1pice de inter\u00e9s<\/strong> y los turistas regresar\u00e1n en cuanto se normalice la situaci\u00f3n.<\/p>\n\n\n\n<p id=\"viewer-4l5am\">\u201cM\u00e1laga es un destino muy querido por los brit\u00e1nicos y prueba de ello es que viven 45.000 en la provincia y millones la visitan cada a\u00f1o\u201d, comenta <strong>Charmaine Arbouin<\/strong>, <strong>c\u00f3nsul de Reino Unido en Andaluc\u00eda<\/strong>, quien subraya que \u201cen este momento la salud p\u00fablica debe primar por encima de todo y actualmente el ministerio de Exteriores brit\u00e1nico desaconseja todos los viajes no esenciales a Espa\u00f1a, bas\u00e1ndose en la evaluaci\u00f3n actual de los riesgos de Covid-19 en el pa\u00eds, una evaluaci\u00f3n que se revisa de forma constante\u201d.<\/p>\n\n\n\n<p id=\"viewer-ff886\"><a href=\"https:\/\/www.malagahoy.es\/2020\/10\/02\/malaga\/Charmaine-Arbouin_1506760200_126374396_667x375.jpg\" target=\"_blank\" rel=\"noreferrer noopener\">Charmaine Arbouin.<\/a>Charmaine Arbouin.<\/p>\n\n\n\n<p id=\"viewer-5cdh\">No obstante, la c\u00f3nsul brit\u00e1nica afirma que \u201cestoy segura de que el mercado tur\u00edstico brit\u00e1nico en M\u00e1laga se recuperar\u00e1 tan pronto volvamos a la normalidad porque <strong>los ciudadanos de Reino Unido adoran esta provincia<\/strong>\u201d. En este sentido, Arbouin indica que \u201c<strong>confiamos plenamente en el sistema sanitario espa\u00f1ol<\/strong> y los ciudadanos de Reino Unido est\u00e1n muy satisfechos con la atenci\u00f3n m\u00e9dica que han recibido\u201d. De cara al futuro, al margen de la relaci\u00f3n que pueda haber con el <em>Brexit<\/em>, la c\u00f3nsul brit\u00e1nica se\u00f1ala que \u201cdebemos apostar por un turismo responsable y seguro, debemos ser conscientes de que los viajes van a ser diferentes, el turismo va a ser diferente y los desplazamientos internacionales tambi\u00e9n tendr\u00e1n que adaptarse a esta nueva normalidad\u201d.<\/p>\n\n\n\n<p id=\"viewer-6d5j\"><strong>Arnulf Braun<\/strong>, <strong>c\u00f3nsul de Alemania<\/strong>, va en la misma l\u00ednea. \u201cDesafortunadamente, muchos alemanes est\u00e1n renunciando este a\u00f1o a los viajes a su destino favorito debido a la pandemia. Mientras que el a\u00f1o pasado m\u00e1s de 11 millones de alemanes vinieron a Espa\u00f1a (de los cuales unos 2 millones fueron a Andaluc\u00eda) este n\u00famero ha disminuido significativamente este a\u00f1o. Despu\u00e9s del estado de alarma en la primera mitad del a\u00f1o, <strong>muchos esperaban para este oto\u00f1o un retorno a la normalidad<\/strong>. En el consulado recibimos un gran n\u00famero de llamadas y correos electr\u00f3nicos de alemanes demandando informaci\u00f3n ya que <strong>quer\u00edan pasar sus vacaciones aqu\u00ed<\/strong>; pero por desgracia no ha sido posible por el creciente n\u00famero de infecciones\u201d, indica Braun quien, no obstante, recalca que \u201c<strong>M\u00e1laga no ha perdido ni perder\u00e1 nada de su atractivo como resultado de la pandemia<\/strong>\u201d.<\/p>\n\n\n\n<p id=\"viewer-fd361\"><a href=\"https:\/\/www.malagahoy.es\/2020\/10\/02\/malaga\/Arnulf-Braun_1506760212_126374967_667x375.jpg\" target=\"_blank\" rel=\"noreferrer noopener\">Arnulf Braun.<\/a>Arnulf Braun.<\/p>\n\n\n\n<p id=\"viewer-1duul\">El c\u00f3nsul alem\u00e1n detalla que los germanos apenas han venido este a\u00f1o a la Costa del Sol por cuatro motivos. El primero es que desde el 14 de agosto hay una advertencia de viaje del Ministerio de Asuntos Exteriores alem\u00e1n recomendando no viajar a las zonas donde haya m\u00e1s de 50 nuevos contagios por cada 100.000 habitantes en los \u00faltimos siete d\u00edas \u201cy lamentablemente este es el caso de muchas regiones de Espa\u00f1a en este momento\u201d. A eso se le ha a\u00f1adido la incertidumbre sobre qu\u00e9 se iban a encontrar en M\u00e1laga, el <strong>temor a que los vuelos se pudieran cancelar<\/strong> de forma repentina como ocurri\u00f3 en marzo y abril, as\u00ed como el <strong>miedo a contagiarse en el avi\u00f3n<\/strong>, y, en cuarto lugar, <strong>evitar tambi\u00e9n una cuarentena<\/strong> a su regreso a Alemania.<\/p>\n\n\n\n<p id=\"viewer-2iu65\">En cualquier caso, el c\u00f3nsul alem\u00e1n destaca que \u201cestoy convencido de que, <strong>cuando haya una vacuna disponible, M\u00e1laga, la Costa de Sol, Andaluc\u00eda y Espa\u00f1a volver\u00e1n a ser el principal destino de viaje<\/strong> y vacaciones de los alemanes\u201d. Braun afirma que muchos alemanes ya se est\u00e1n planteando qu\u00e9 hacer cuando finalice la pandemia. \u201cEl turismo volver\u00e1 a estar en auge y M\u00e1laga deber\u00eda estar lista para garantizar el mejor servicio posible y un alto est\u00e1ndar de seguridad y <strong>desde ya deber\u00eda hacer publicidad<\/strong> para asegurar a los turistas alemanes y extranjeros que despu\u00e9s de la pandemia la Costa del Sol les espera con los brazos abiertos, ofreci\u00e9ndoles calidad y seguridad\u201d, subraya el c\u00f3nsul germano como f\u00f3rmula a seguir por las autoridades y empresas tur\u00edsticas malague\u00f1as.<\/p>\n\n\n\n<p id=\"viewer-13n4c\"><a href=\"https:\/\/www.malagahoy.es\/2020\/10\/02\/malaga\/Nathalie-Hadj_1506760214_126375102_667x386.jpg\" target=\"_blank\" rel=\"noreferrer noopener\">Nathalie Hadj.<\/a>Nathalie Hadj.<\/p>\n\n\n\n<p id=\"viewer-q660\">\u201cLas medidas preventivas sanitarias no han frenado al turista franc\u00e9s en su intenci\u00f3n de venir a Espa\u00f1a y M\u00e1laga sigue siendo uno de los destinos elegidos por nuestros compatriotas\u201d, afirma la <strong>c\u00f3nsul francesa<\/strong>, <strong>Nathalie Hadj<\/strong>, quien lamenta que \u201cson m\u00e1s bien las escasas comunicaciones a\u00e9reas durante el verano las que han impedido una mayor afluencia de franceses a M\u00e1laga\u201d. Hadj recalca que <strong>es \u201cimprescindible\u201d que haya un mayor n\u00famero de rutas a\u00e9reas directas<\/strong> entre destinos franceses y la Costa del Sol.<\/p>\n\n\n\n<p id=\"viewer-fqe6p\"><strong>Rafael P\u00e9rez Pe\u00f1a<\/strong> es el c\u00f3nsul de Portugal y el decano consular y tambi\u00e9n considera clave la recuperaci\u00f3n de las rutas a\u00e9reas. \u201cUn sector que determinar\u00e1, una vez superada la pandemia, la vuelta a la normalidad, ser\u00e1 sin lugar a dudas el transporte, ya que sin \u00e9l no tendr\u00edamos turistas. El Covid va a castigar con m\u00e1s \u00e9nfasis a las compa\u00f1\u00edas a\u00e9reas, por ello hay que estar muy pendiente de los movimientos de este sector para que <strong>la Costa del Sol siga siendo un destino bien conectado con el mundo<\/strong>\u201d, subraya P\u00e9rez Pe\u00f1a, quien tambi\u00e9n achaca la p\u00e9rdida de turistas a \u201cla inseguridad sanitaria, motivada por la reactivaci\u00f3n descontrolada del virus y su impacto en la red hospitalaria, o el miedo al posible cierre de fronteras o el confinamiento por cuarentena tanto del pa\u00eds emisor como del receptor\u201d.<\/p>\n\n\n\n<p id=\"viewer-66kul\"><a href=\"https:\/\/www.malagahoy.es\/2020\/10\/02\/malaga\/Rafael-Perez-Pena_1506760215_126375127_667x375.jpg\" target=\"_blank\" rel=\"noreferrer noopener\">Rafael P\u00e9rez Pe\u00f1a.<\/a>Rafael P\u00e9rez Pe\u00f1a.<\/p>\n\n\n\n<p id=\"viewer-buud4\">Para salir de esta situaci\u00f3n, el decano consular cree que \u201cindefectiblemente tendremos que asumir la situaci\u00f3n y adaptarnos, <strong>apoy\u00e1ndonos en formaci\u00f3n, profesionalidad, digitalizaci\u00f3n e inteligencia artificial<\/strong>, para facilitar la llegada de un nuevo perfil de cliente entre 25 y 45 a\u00f1os -que son los menos temerosos a viajar- as\u00ed como del turista de proximidad, a fin de reactivarnos y aspirar a salir reforzados\u201d.<\/p>\n","protected":false},"excerpt":{"rendered":"<p>La Costa del Sol ha sido siempre un refugio, un lugar id\u00edlico para los turistas europeos y la pandemia por coronavirus ha cortado la relaci\u00f3n de golpe, sin anestesia, lo que ha provocado que este verano apenas hubiera un 25% de viajeros internacionales. \u00bfQu\u00e9 piensan en Reino Unido, Alemania, Francia o Portugal de la situaci\u00f3n [&hellip;]<\/p>\n","protected":false},"author":2,"featured_media":1287,"comment_status":"closed","ping_status":"closed","sticky":false,"template":"","format":"standard","meta":{"_et_pb_use_builder":"off","_et_pb_old_content":"","_et_gb_content_width":"","footnotes":""},"categories":[33],"tags":[],"class_list":["post-1292","post","type-post","status-publish","format-standard","has-post-thumbnail","hentry","category-blog"],"yoast_head":"<!-- This site is optimized with the Yoast SEO plugin v27.4 - https:\/\/yoast.com\/product\/yoast-seo-wordpress\/ -->\n<title>Reino Unido, Alemania, Francia y Portugal conf\u00edan en el \u00e9xito de la Costa del Sol tras la pandemia - Reding investment<\/title>\n<meta name=\"robots\" content=\"index, follow, max-snippet:-1, max-image-preview:large, max-video-preview:-1\" \/>\n<link rel=\"canonical\" href=\"https:\/\/www.redingrealestateinvestment.com\/reino-unido-alemania-francia-y-portugal-confian-en-el-exito-de-la-costa-del-sol-tras-la-pandemia\/\" \/>\n<meta property=\"og:locale\" content=\"nl_NL\" \/>\n<meta property=\"og:type\" content=\"article\" \/>\n<meta property=\"og:title\" content=\"Reino Unido, Alemania, Francia y Portugal conf\u00edan en el \u00e9xito de la Costa del Sol tras la pandemia - Reding investment\" \/>\n<meta property=\"og:description\" content=\"La Costa del Sol ha sido siempre un refugio, un lugar id\u00edlico para los turistas europeos y la pandemia por coronavirus ha cortado la relaci\u00f3n de golpe, sin anestesia, lo que ha provocado que este verano apenas hubiera un 25% de viajeros internacionales. \u00bfQu\u00e9 piensan en Reino Unido, Alemania, Francia o Portugal de la situaci\u00f3n [&hellip;]\" \/>\n<meta property=\"og:url\" content=\"https:\/\/www.redingrealestateinvestment.com\/reino-unido-alemania-francia-y-portugal-confian-en-el-exito-de-la-costa-del-sol-tras-la-pandemia\/\" \/>\n<meta property=\"og:site_name\" content=\"Reding investment\" \/>\n<meta property=\"article:published_time\" content=\"2020-12-29T08:43:00+00:00\" \/>\n<meta property=\"article:modified_time\" content=\"2021-09-14T10:07:53+00:00\" \/>\n<meta property=\"og:image\" content=\"https:\/\/www.redingrealestateinvestment.com\/wp-content\/uploads\/2021\/05\/884295_cc2a554be3794afa97aee40323679b7d_mv2.jpg\" \/>\n\t<meta property=\"og:image:width\" content=\"1000\" \/>\n\t<meta property=\"og:image:height\" content=\"563\" \/>\n\t<meta property=\"og:image:type\" content=\"image\/jpeg\" \/>\n<meta name=\"author\" content=\"Reding Investmenet\" \/>\n<meta name=\"twitter:card\" content=\"summary_large_image\" \/>\n<meta name=\"twitter:label1\" content=\"Geschreven door\" \/>\n\t<meta name=\"twitter:data1\" content=\"Reding Investmenet\" \/>\n\t<meta name=\"twitter:label2\" content=\"Geschatte leestijd\" \/>\n\t<meta name=\"twitter:data2\" content=\"5 minuten\" \/>\n<script type=\"application\/ld+json\" class=\"yoast-schema-graph\">{\"@context\":\"https:\\\/\\\/schema.org\",\"@graph\":[{\"@type\":\"Article\",\"@id\":\"https:\\\/\\\/www.redingrealestateinvestment.com\\\/reino-unido-alemania-francia-y-portugal-confian-en-el-exito-de-la-costa-del-sol-tras-la-pandemia\\\/#article\",\"isPartOf\":{\"@id\":\"https:\\\/\\\/www.redingrealestateinvestment.com\\\/reino-unido-alemania-francia-y-portugal-confian-en-el-exito-de-la-costa-del-sol-tras-la-pandemia\\\/\"},\"author\":{\"name\":\"Reding Investmenet\",\"@id\":\"https:\\\/\\\/www.redingrealestateinvestment.com\\\/#\\\/schema\\\/person\\\/5cebf6831aac5a2693a40d2c2f25b064\"},\"headline\":\"Reino Unido, Alemania, Francia y Portugal conf\u00edan en el \u00e9xito de la Costa del Sol tras la pandemia\",\"datePublished\":\"2020-12-29T08:43:00+00:00\",\"dateModified\":\"2021-09-14T10:07:53+00:00\",\"mainEntityOfPage\":{\"@id\":\"https:\\\/\\\/www.redingrealestateinvestment.com\\\/reino-unido-alemania-francia-y-portugal-confian-en-el-exito-de-la-costa-del-sol-tras-la-pandemia\\\/\"},\"wordCount\":1130,\"image\":{\"@id\":\"https:\\\/\\\/www.redingrealestateinvestment.com\\\/reino-unido-alemania-francia-y-portugal-confian-en-el-exito-de-la-costa-del-sol-tras-la-pandemia\\\/#primaryimage\"},\"thumbnailUrl\":\"https:\\\/\\\/www.redingrealestateinvestment.com\\\/wp-content\\\/uploads\\\/2021\\\/05\\\/884295_cc2a554be3794afa97aee40323679b7d_mv2.jpg\",\"articleSection\":[\"Blog\"],\"inLanguage\":\"nl-NL\"},{\"@type\":\"WebPage\",\"@id\":\"https:\\\/\\\/www.redingrealestateinvestment.com\\\/reino-unido-alemania-francia-y-portugal-confian-en-el-exito-de-la-costa-del-sol-tras-la-pandemia\\\/\",\"url\":\"https:\\\/\\\/www.redingrealestateinvestment.com\\\/reino-unido-alemania-francia-y-portugal-confian-en-el-exito-de-la-costa-del-sol-tras-la-pandemia\\\/\",\"name\":\"Reino Unido, Alemania, Francia y Portugal conf\u00edan en el \u00e9xito de la Costa del Sol tras la pandemia - Reding investment\",\"isPartOf\":{\"@id\":\"https:\\\/\\\/www.redingrealestateinvestment.com\\\/#website\"},\"primaryImageOfPage\":{\"@id\":\"https:\\\/\\\/www.redingrealestateinvestment.com\\\/reino-unido-alemania-francia-y-portugal-confian-en-el-exito-de-la-costa-del-sol-tras-la-pandemia\\\/#primaryimage\"},\"image\":{\"@id\":\"https:\\\/\\\/www.redingrealestateinvestment.com\\\/reino-unido-alemania-francia-y-portugal-confian-en-el-exito-de-la-costa-del-sol-tras-la-pandemia\\\/#primaryimage\"},\"thumbnailUrl\":\"https:\\\/\\\/www.redingrealestateinvestment.com\\\/wp-content\\\/uploads\\\/2021\\\/05\\\/884295_cc2a554be3794afa97aee40323679b7d_mv2.jpg\",\"datePublished\":\"2020-12-29T08:43:00+00:00\",\"dateModified\":\"2021-09-14T10:07:53+00:00\",\"author\":{\"@id\":\"https:\\\/\\\/www.redingrealestateinvestment.com\\\/#\\\/schema\\\/person\\\/5cebf6831aac5a2693a40d2c2f25b064\"},\"breadcrumb\":{\"@id\":\"https:\\\/\\\/www.redingrealestateinvestment.com\\\/reino-unido-alemania-francia-y-portugal-confian-en-el-exito-de-la-costa-del-sol-tras-la-pandemia\\\/#breadcrumb\"},\"inLanguage\":\"nl-NL\",\"potentialAction\":[{\"@type\":\"ReadAction\",\"target\":[\"https:\\\/\\\/www.redingrealestateinvestment.com\\\/reino-unido-alemania-francia-y-portugal-confian-en-el-exito-de-la-costa-del-sol-tras-la-pandemia\\\/\"]}]},{\"@type\":\"ImageObject\",\"inLanguage\":\"nl-NL\",\"@id\":\"https:\\\/\\\/www.redingrealestateinvestment.com\\\/reino-unido-alemania-francia-y-portugal-confian-en-el-exito-de-la-costa-del-sol-tras-la-pandemia\\\/#primaryimage\",\"url\":\"https:\\\/\\\/www.redingrealestateinvestment.com\\\/wp-content\\\/uploads\\\/2021\\\/05\\\/884295_cc2a554be3794afa97aee40323679b7d_mv2.jpg\",\"contentUrl\":\"https:\\\/\\\/www.redingrealestateinvestment.com\\\/wp-content\\\/uploads\\\/2021\\\/05\\\/884295_cc2a554be3794afa97aee40323679b7d_mv2.jpg\",\"width\":1000,\"height\":563},{\"@type\":\"BreadcrumbList\",\"@id\":\"https:\\\/\\\/www.redingrealestateinvestment.com\\\/reino-unido-alemania-francia-y-portugal-confian-en-el-exito-de-la-costa-del-sol-tras-la-pandemia\\\/#breadcrumb\",\"itemListElement\":[{\"@type\":\"ListItem\",\"position\":1,\"name\":\"Portada\",\"item\":\"https:\\\/\\\/www.redingrealestateinvestment.com\\\/nl\\\/\"},{\"@type\":\"ListItem\",\"position\":2,\"name\":\"Reino Unido, Alemania, Francia y Portugal conf\u00edan en el \u00e9xito de la Costa del Sol tras la pandemia\"}]},{\"@type\":\"WebSite\",\"@id\":\"https:\\\/\\\/www.redingrealestateinvestment.com\\\/#website\",\"url\":\"https:\\\/\\\/www.redingrealestateinvestment.com\\\/\",\"name\":\"Reding investment\",\"description\":\"Propiedades M\u00e1laga Marbella | Reding Real Estate | Espa\u00f1a\",\"potentialAction\":[{\"@type\":\"SearchAction\",\"target\":{\"@type\":\"EntryPoint\",\"urlTemplate\":\"https:\\\/\\\/www.redingrealestateinvestment.com\\\/?s={search_term_string}\"},\"query-input\":{\"@type\":\"PropertyValueSpecification\",\"valueRequired\":true,\"valueName\":\"search_term_string\"}}],\"inLanguage\":\"nl-NL\"},{\"@type\":\"Person\",\"@id\":\"https:\\\/\\\/www.redingrealestateinvestment.com\\\/#\\\/schema\\\/person\\\/5cebf6831aac5a2693a40d2c2f25b064\",\"name\":\"Reding Investmenet\",\"image\":{\"@type\":\"ImageObject\",\"inLanguage\":\"nl-NL\",\"@id\":\"https:\\\/\\\/secure.gravatar.com\\\/avatar\\\/1d1bdbcf76ba1718113c5af51e3156a72ec938f5d0a7ad65c49d3f2ebfddb621?s=96&d=mm&r=g\",\"url\":\"https:\\\/\\\/secure.gravatar.com\\\/avatar\\\/1d1bdbcf76ba1718113c5af51e3156a72ec938f5d0a7ad65c49d3f2ebfddb621?s=96&d=mm&r=g\",\"contentUrl\":\"https:\\\/\\\/secure.gravatar.com\\\/avatar\\\/1d1bdbcf76ba1718113c5af51e3156a72ec938f5d0a7ad65c49d3f2ebfddb621?s=96&d=mm&r=g\",\"caption\":\"Reding Investmenet\"},\"url\":\"https:\\\/\\\/www.redingrealestateinvestment.com\\\/nl\\\/author\\\/reding_investment007\\\/\"}]}<\/script>\n<!-- \/ Yoast SEO plugin. -->","yoast_head_json":{"title":"Reino Unido, Alemania, Francia y Portugal conf\u00edan en el \u00e9xito de la Costa del Sol tras la pandemia - Reding investment","robots":{"index":"index","follow":"follow","max-snippet":"max-snippet:-1","max-image-preview":"max-image-preview:large","max-video-preview":"max-video-preview:-1"},"canonical":"https:\/\/www.redingrealestateinvestment.com\/reino-unido-alemania-francia-y-portugal-confian-en-el-exito-de-la-costa-del-sol-tras-la-pandemia\/","og_locale":"nl_NL","og_type":"article","og_title":"Reino Unido, Alemania, Francia y Portugal conf\u00edan en el \u00e9xito de la Costa del Sol tras la pandemia - Reding investment","og_description":"La Costa del Sol ha sido siempre un refugio, un lugar id\u00edlico para los turistas europeos y la pandemia por coronavirus ha cortado la relaci\u00f3n de golpe, sin anestesia, lo que ha provocado que este verano apenas hubiera un 25% de viajeros internacionales. \u00bfQu\u00e9 piensan en Reino Unido, Alemania, Francia o Portugal de la situaci\u00f3n [&hellip;]","og_url":"https:\/\/www.redingrealestateinvestment.com\/reino-unido-alemania-francia-y-portugal-confian-en-el-exito-de-la-costa-del-sol-tras-la-pandemia\/","og_site_name":"Reding investment","article_published_time":"2020-12-29T08:43:00+00:00","article_modified_time":"2021-09-14T10:07:53+00:00","og_image":[{"width":1000,"height":563,"url":"https:\/\/www.redingrealestateinvestment.com\/wp-content\/uploads\/2021\/05\/884295_cc2a554be3794afa97aee40323679b7d_mv2.jpg","type":"image\/jpeg"}],"author":"Reding Investmenet","twitter_card":"summary_large_image","twitter_misc":{"Geschreven door":"Reding Investmenet","Geschatte leestijd":"5 minuten"},"schema":{"@context":"https:\/\/schema.org","@graph":[{"@type":"Article","@id":"https:\/\/www.redingrealestateinvestment.com\/reino-unido-alemania-francia-y-portugal-confian-en-el-exito-de-la-costa-del-sol-tras-la-pandemia\/#article","isPartOf":{"@id":"https:\/\/www.redingrealestateinvestment.com\/reino-unido-alemania-francia-y-portugal-confian-en-el-exito-de-la-costa-del-sol-tras-la-pandemia\/"},"author":{"name":"Reding Investmenet","@id":"https:\/\/www.redingrealestateinvestment.com\/#\/schema\/person\/5cebf6831aac5a2693a40d2c2f25b064"},"headline":"Reino Unido, Alemania, Francia y Portugal conf\u00edan en el \u00e9xito de la Costa del Sol tras la pandemia","datePublished":"2020-12-29T08:43:00+00:00","dateModified":"2021-09-14T10:07:53+00:00","mainEntityOfPage":{"@id":"https:\/\/www.redingrealestateinvestment.com\/reino-unido-alemania-francia-y-portugal-confian-en-el-exito-de-la-costa-del-sol-tras-la-pandemia\/"},"wordCount":1130,"image":{"@id":"https:\/\/www.redingrealestateinvestment.com\/reino-unido-alemania-francia-y-portugal-confian-en-el-exito-de-la-costa-del-sol-tras-la-pandemia\/#primaryimage"},"thumbnailUrl":"https:\/\/www.redingrealestateinvestment.com\/wp-content\/uploads\/2021\/05\/884295_cc2a554be3794afa97aee40323679b7d_mv2.jpg","articleSection":["Blog"],"inLanguage":"nl-NL"},{"@type":"WebPage","@id":"https:\/\/www.redingrealestateinvestment.com\/reino-unido-alemania-francia-y-portugal-confian-en-el-exito-de-la-costa-del-sol-tras-la-pandemia\/","url":"https:\/\/www.redingrealestateinvestment.com\/reino-unido-alemania-francia-y-portugal-confian-en-el-exito-de-la-costa-del-sol-tras-la-pandemia\/","name":"Reino Unido, Alemania, Francia y Portugal conf\u00edan en el \u00e9xito de la Costa del Sol tras la pandemia - Reding investment","isPartOf":{"@id":"https:\/\/www.redingrealestateinvestment.com\/#website"},"primaryImageOfPage":{"@id":"https:\/\/www.redingrealestateinvestment.com\/reino-unido-alemania-francia-y-portugal-confian-en-el-exito-de-la-costa-del-sol-tras-la-pandemia\/#primaryimage"},"image":{"@id":"https:\/\/www.redingrealestateinvestment.com\/reino-unido-alemania-francia-y-portugal-confian-en-el-exito-de-la-costa-del-sol-tras-la-pandemia\/#primaryimage"},"thumbnailUrl":"https:\/\/www.redingrealestateinvestment.com\/wp-content\/uploads\/2021\/05\/884295_cc2a554be3794afa97aee40323679b7d_mv2.jpg","datePublished":"2020-12-29T08:43:00+00:00","dateModified":"2021-09-14T10:07:53+00:00","author":{"@id":"https:\/\/www.redingrealestateinvestment.com\/#\/schema\/person\/5cebf6831aac5a2693a40d2c2f25b064"},"breadcrumb":{"@id":"https:\/\/www.redingrealestateinvestment.com\/reino-unido-alemania-francia-y-portugal-confian-en-el-exito-de-la-costa-del-sol-tras-la-pandemia\/#breadcrumb"},"inLanguage":"nl-NL","potentialAction":[{"@type":"ReadAction","target":["https:\/\/www.redingrealestateinvestment.com\/reino-unido-alemania-francia-y-portugal-confian-en-el-exito-de-la-costa-del-sol-tras-la-pandemia\/"]}]},{"@type":"ImageObject","inLanguage":"nl-NL","@id":"https:\/\/www.redingrealestateinvestment.com\/reino-unido-alemania-francia-y-portugal-confian-en-el-exito-de-la-costa-del-sol-tras-la-pandemia\/#primaryimage","url":"https:\/\/www.redingrealestateinvestment.com\/wp-content\/uploads\/2021\/05\/884295_cc2a554be3794afa97aee40323679b7d_mv2.jpg","contentUrl":"https:\/\/www.redingrealestateinvestment.com\/wp-content\/uploads\/2021\/05\/884295_cc2a554be3794afa97aee40323679b7d_mv2.jpg","width":1000,"height":563},{"@type":"BreadcrumbList","@id":"https:\/\/www.redingrealestateinvestment.com\/reino-unido-alemania-francia-y-portugal-confian-en-el-exito-de-la-costa-del-sol-tras-la-pandemia\/#breadcrumb","itemListElement":[{"@type":"ListItem","position":1,"name":"Portada","item":"https:\/\/www.redingrealestateinvestment.com\/nl\/"},{"@type":"ListItem","position":2,"name":"Reino Unido, Alemania, Francia y Portugal conf\u00edan en el \u00e9xito de la Costa del Sol tras la pandemia"}]},{"@type":"WebSite","@id":"https:\/\/www.redingrealestateinvestment.com\/#website","url":"https:\/\/www.redingrealestateinvestment.com\/","name":"Reding investment","description":"Propiedades M\u00e1laga Marbella | Reding Real Estate | Espa\u00f1a","potentialAction":[{"@type":"SearchAction","target":{"@type":"EntryPoint","urlTemplate":"https:\/\/www.redingrealestateinvestment.com\/?s={search_term_string}"},"query-input":{"@type":"PropertyValueSpecification","valueRequired":true,"valueName":"search_term_string"}}],"inLanguage":"nl-NL"},{"@type":"Person","@id":"https:\/\/www.redingrealestateinvestment.com\/#\/schema\/person\/5cebf6831aac5a2693a40d2c2f25b064","name":"Reding Investmenet","image":{"@type":"ImageObject","inLanguage":"nl-NL","@id":"https:\/\/secure.gravatar.com\/avatar\/1d1bdbcf76ba1718113c5af51e3156a72ec938f5d0a7ad65c49d3f2ebfddb621?s=96&d=mm&r=g","url":"https:\/\/secure.gravatar.com\/avatar\/1d1bdbcf76ba1718113c5af51e3156a72ec938f5d0a7ad65c49d3f2ebfddb621?s=96&d=mm&r=g","contentUrl":"https:\/\/secure.gravatar.com\/avatar\/1d1bdbcf76ba1718113c5af51e3156a72ec938f5d0a7ad65c49d3f2ebfddb621?s=96&d=mm&r=g","caption":"Reding Investmenet"},"url":"https:\/\/www.redingrealestateinvestment.com\/nl\/author\/reding_investment007\/"}]}},"_links":{"self":[{"href":"https:\/\/www.redingrealestateinvestment.com\/nl\/wp-json\/wp\/v2\/posts\/1292","targetHints":{"allow":["GET"]}}],"collection":[{"href":"https:\/\/www.redingrealestateinvestment.com\/nl\/wp-json\/wp\/v2\/posts"}],"about":[{"href":"https:\/\/www.redingrealestateinvestment.com\/nl\/wp-json\/wp\/v2\/types\/post"}],"author":[{"embeddable":true,"href":"https:\/\/www.redingrealestateinvestment.com\/nl\/wp-json\/wp\/v2\/users\/2"}],"replies":[{"embeddable":true,"href":"https:\/\/www.redingrealestateinvestment.com\/nl\/wp-json\/wp\/v2\/comments?post=1292"}],"version-history":[{"count":1,"href":"https:\/\/www.redingrealestateinvestment.com\/nl\/wp-json\/wp\/v2\/posts\/1292\/revisions"}],"predecessor-version":[{"id":7250,"href":"https:\/\/www.redingrealestateinvestment.com\/nl\/wp-json\/wp\/v2\/posts\/1292\/revisions\/7250"}],"wp:featuredmedia":[{"embeddable":true,"href":"https:\/\/www.redingrealestateinvestment.com\/nl\/wp-json\/wp\/v2\/media\/1287"}],"wp:attachment":[{"href":"https:\/\/www.redingrealestateinvestment.com\/nl\/wp-json\/wp\/v2\/media?parent=1292"}],"wp:term":[{"taxonomy":"category","embeddable":true,"href":"https:\/\/www.redingrealestateinvestment.com\/nl\/wp-json\/wp\/v2\/categories?post=1292"},{"taxonomy":"post_tag","embeddable":true,"href":"https:\/\/www.redingrealestateinvestment.com\/nl\/wp-json\/wp\/v2\/tags?post=1292"}],"curies":[{"name":"wp","href":"https:\/\/api.w.org\/{rel}","templated":true}]}}